{"id":142,"date":"2024-07-31T16:34:50","date_gmt":"2024-07-31T14:34:50","guid":{"rendered":"http:\/\/54.172.53.109\/?p=142"},"modified":"2025-02-05T12:43:14","modified_gmt":"2025-02-05T11:43:14","slug":"4-claves-para-entender-el-cambio-curricular","status":"publish","type":"post","link":"https:\/\/coreskills.tech\/index.php\/2024\/07\/31\/4-claves-para-entender-el-cambio-curricular\/","title":{"rendered":"4 claves para entender el cambio curricular"},"content":{"rendered":"\t\t<div data-elementor-type=\"wp-post\" data-elementor-id=\"142\" class=\"elementor elementor-142\">\n\t\t\t\t<div class=\"elementor-element elementor-element-5c4a93f e-flex e-con-boxed wpr-particle-no wpr-jarallax-no wpr-parallax-no wpr-sticky-section-no e-con e-parent\" data-id=\"5c4a93f\" data-element_type=\"container\" data-settings=\"{&quot;background_background&quot;:&quot;classic&quot;}\">\n\t\t\t\t\t<div class=\"e-con-inner\">\n\t\t\t\t<div class=\"elementor-element elementor-element-0071bee exad-sticky-section-no exad-glass-effect-no elementor-widget elementor-widget-heading\" data-id=\"0071bee\" data-element_type=\"widget\" data-widget_type=\"heading.default\">\n\t\t\t\t<div class=\"elementor-widget-container\">\n\t\t\t\t\t<h2 class=\"elementor-heading-title elementor-size-default\">4 claves para entender el cambio curricular<\/h2>\t\t\t\t<\/div>\n\t\t\t\t<\/div>\n\t\t\t\t\t<\/div>\n\t\t\t\t<\/div>\n\t\t\t\t<section class=\"elementor-section elementor-top-section elementor-element elementor-element-c943967 elementor-section-height-min-height elementor-section-boxed elementor-section-height-default elementor-section-items-middle exad-glass-effect-no wpr-particle-no wpr-jarallax-no wpr-parallax-no wpr-sticky-section-no exad-sticky-section-no\" data-id=\"c943967\" data-element_type=\"section\">\n\t\t\t\t\t\t<div class=\"elementor-container elementor-column-gap-default\">\n\t\t\t\t\t<div class=\"elementor-column elementor-col-100 elementor-top-column elementor-element elementor-element-d49bb4b exad-glass-effect-no exad-sticky-section-no\" data-id=\"d49bb4b\" data-element_type=\"column\">\n\t\t\t<div class=\"elementor-widget-wrap\">\n\t\t\t\t\t\t\t<\/div>\n\t\t<\/div>\n\t\t\t\t\t<\/div>\n\t\t<\/section>\n\t\t\t\t<section class=\"elementor-section elementor-top-section elementor-element elementor-element-d4f7c01 elementor-section-boxed elementor-section-height-default elementor-section-height-default exad-glass-effect-no wpr-particle-no wpr-jarallax-no wpr-parallax-no wpr-sticky-section-no exad-sticky-section-no\" data-id=\"d4f7c01\" data-element_type=\"section\">\n\t\t\t\t\t\t<div class=\"elementor-container elementor-column-gap-default\">\n\t\t\t\t\t<div class=\"elementor-column elementor-col-100 elementor-top-column elementor-element elementor-element-386622c exad-glass-effect-no exad-sticky-section-no\" data-id=\"386622c\" data-element_type=\"column\">\n\t\t\t<div class=\"elementor-widget-wrap elementor-element-populated\">\n\t\t\t\t\t\t<div class=\"elementor-element elementor-element-b348d44 exad-sticky-section-no exad-glass-effect-no elementor-widget elementor-widget-text-editor\" data-id=\"b348d44\" data-element_type=\"widget\" data-widget_type=\"text-editor.default\">\n\t\t\t\t<div class=\"elementor-widget-container\">\n\t\t\t\t\t\t\t\t\t<div class=\"fusion-text\"><p>El a\u00f1o 2017 se aprob\u00f3 el cambio en las bases curriculares para tercero y cuarto medio en nuestro pa\u00eds. Este a\u00f1o, fue la aprobaci\u00f3n definitiva por\u00a0 parte del Consejo Nacional de Educaci\u00f3n (CNED). Este cambio de curriculum ocurrir\u00e1 progresivamente empezando el a\u00f1o 2020 con los terceros medios y el a\u00f1o 2021 con los cuartos medios en todos los establecimientos educacionales de Chile.<\/p><p>Esta modificaci\u00f3n se centra en los saberes relevantes para desenvolverse en el mundo actual, buscando los puntos de encuentro entre las necesidades formativas requeridas para el desarrollo de la persona, para el ejercicio ciudadano, para la inserci\u00f3n laboral y para la consecuci\u00f3n de estudios superiores.<\/p><p>Esta modernizaci\u00f3n de la estructura de estudio para las y\u00a0 los alumnos de 3\u00ba y 4\u00ba medios, busca<strong>\u00a0reorganizar el tiempo escolar<\/strong>, favoreciendo una mayor electividad. Se busca con este cambio un mayor compromiso e involucramientos de las y los j\u00f3venes en su propio proceso formativo, es por esto que se\u00a0les entregan herramientas para que puedan elegir asignaturas de acuerdo a sus intereses y transiten de mejor manera hacia\u00a0 la educaci\u00f3n superior.<\/p><p>A grandes rasgos, las y los estudiantes tendr\u00e1n\u00a0<strong>menos asignaturas totales\u00a0 y un mayor n\u00famero de horas en cada una de las asignaturas del plan de formaci\u00f3n diferenciado<\/strong>, lo que pretende propiciar la profundizaci\u00f3n de los conceptos y el mejor desarrollo de competencias para vivir, pensar y trabajar, tales como ciudadan\u00eda, responsabilidad, colaboraci\u00f3n, pensamiento cr\u00edtico y comunicaci\u00f3n, entre otras.<\/p><\/div><div class=\"fusion-text\"><h3 class=\"fusion-responsive-typography-calculated\" data-fontsize=\"24\" data-lineheight=\"33.6px\">Los elementos claves para entender este cambio son:<\/h3><\/div><div class=\"fusion-sep-clear\">\u00a0<\/div><div class=\"fusion-separator fusion-full-width-sep sep-none\">\u00a0<\/div><ul class=\"fusion-checklist fusion-checklist-1\"><li class=\"fusion-li-item\"><i class=\"fusion-li-icon fa-graduation-cap fas\"><\/i><br \/><div class=\"fusion-li-item-content\"><p><strong>Formaci\u00f3n de ciudadanos integrales:<\/strong> A trav\u00e9s de su proceso de aprendizaje las y los estudiantes puedan extender y profundizar en su formaci\u00f3n general y as\u00ed\u00a0 desarrollen los conocimientos, habilidades y actitudes que les permitan responder a las necesidades de la sociedad actual. Se busca formar ciudadanos con juicio cr\u00edtico, que se comuniquen de manera efectiva y eficaz, adaptables, participativos en las instituciones democr\u00e1ticas, respetuosos de la diversidad y la multiculturalidad, empoderados de s\u00ed mismos y con un buen nivel de autoestima.<\/p><\/div><\/li><li class=\"fusion-li-item\"><i class=\"fusion-li-icon fa-graduation-cap fas\"><\/i><br \/><div class=\"fusion-li-item-content\"><strong>Mayor electividad: <\/strong>Se busca propiciar espacios de libertad y participaci\u00f3n activa a los estudiantes que les permita ejercer la toma de decisiones responsable, promoviendo la autonom\u00eda, el juicio cr\u00edtico, el compromiso, flexibilidad, creatividad y participaci\u00f3n.<\/div><\/li><li class=\"fusion-li-item\"><i class=\"fusion-li-icon fa-graduation-cap fas\"><\/i><br \/><div class=\"fusion-li-item-content\"><strong>Mejor transici\u00f3n a la Educaci\u00f3n Superior: <\/strong>La actualizaci\u00f3n del curr\u00edculum para enfocarse en los saberes relevantes para desenvolverse en el mundo actual y promover un espacio para la formaci\u00f3n diferenciada, que permita profundizar en aquellas \u00e1reas de inter\u00e9s personal, los capacite para futuros estudios y los oriente su futuro laboral.<\/div><\/li><li class=\"fusion-li-item\"><i class=\"fusion-li-icon fa-graduation-cap fas\"><\/i><br \/><div class=\"fusion-li-item-content\"><strong>Mayor equidad: <\/strong>Ofrecer espacios que brinden iguales oportunidades de profundizaci\u00f3n, flexibilidad y electividad a las y los estudiantes de todas las diferenciaciones (Humanista-Cient\u00edfica, T\u00e9cnico profesional, y Art\u00edstica) con el fin de potenciar sus propios intereses. A partir de este principio, se ofrecen un Plan Com\u00fan de Formaci\u00f3n General compartido por las tres diferenciaciones (Human\u00edstico-Cient\u00edfica, T\u00e9cnico-Profesional y Art\u00edstica) y un Plan Com\u00fan de Formaci\u00f3n General Electivo, dentro del cual los estudiantes pueden cursar asignaturas que el establecimiento desee potenciar de acuerdo a sus necesidades y proyecto educativo. Adem\u00e1s, cada diferenciaci\u00f3n cuenta con un plan propio en el cual los estudiantes pueden optar por especializaciones (en el caso de T\u00e9cnico-Profesional y Art\u00edstica) o asignaturas de profundizaci\u00f3n (en el caso de Human\u00edstico-Cient\u00edfica) en funci\u00f3n de sus intereses particulares.<\/div><\/li><\/ul>\t\t\t\t\t\t\t\t<\/div>\n\t\t\t\t<\/div>\n\t\t\t\t\t<\/div>\n\t\t<\/div>\n\t\t\t\t\t<\/div>\n\t\t<\/section>\n\t\t\t\t<section class=\"elementor-section elementor-top-section elementor-element elementor-element-f92e338 elementor-section-height-min-height elementor-section-boxed elementor-section-height-default elementor-section-items-middle exad-glass-effect-no wpr-particle-no wpr-jarallax-no wpr-parallax-no wpr-sticky-section-no exad-sticky-section-no\" data-id=\"f92e338\" data-element_type=\"section\">\n\t\t\t\t\t\t<div class=\"elementor-container elementor-column-gap-default\">\n\t\t\t\t\t<div class=\"elementor-column elementor-col-100 elementor-top-column elementor-element elementor-element-dfabe30 exad-glass-effect-no exad-sticky-section-no\" data-id=\"dfabe30\" data-element_type=\"column\">\n\t\t\t<div class=\"elementor-widget-wrap\">\n\t\t\t\t\t\t\t<\/div>\n\t\t<\/div>\n\t\t\t\t\t<\/div>\n\t\t<\/section>\n\t\t\t\t<\/div>\n\t\t","protected":false},"excerpt":{"rendered":"<p>4 claves para entender el cambio curricular El a\u00f1o 2017 se aprob\u00f3 el cambio en las bases curriculares para tercero y cuarto medio en nuestro pa\u00eds. Este a\u00f1o, fue la aprobaci\u00f3n definitiva por\u00a0 parte del Consejo Nacional de Educaci\u00f3n (CNED). Este cambio de curriculum ocurrir\u00e1 progresivamente empezando el a\u00f1o 2020 con los terceros medios y el a\u00f1o 2021 con los cuartos medios en todos los establecimientos educacionales de Chile. Esta modificaci\u00f3n se centra en los saberes relevantes para desenvolverse en el mundo actual, buscando los puntos de encuentro entre las necesidades formativas requeridas para el desarrollo de la persona, para el ejercicio ciudadano, para la inserci\u00f3n laboral y para la consecuci\u00f3n de estudios superiores. Esta modernizaci\u00f3n de la estructura de estudio para las y\u00a0 los alumnos de 3\u00ba y 4\u00ba medios, busca\u00a0reorganizar el tiempo escolar, favoreciendo una mayor electividad. Se busca con este cambio un mayor compromiso e involucramientos de las y los j\u00f3venes en su propio proceso formativo, es por esto que se\u00a0les entregan herramientas para que puedan elegir asignaturas de acuerdo a sus intereses y transiten de mejor manera hacia\u00a0 la educaci\u00f3n superior. A grandes rasgos, las y los estudiantes tendr\u00e1n\u00a0menos asignaturas totales\u00a0 y un mayor n\u00famero de horas en cada una de las asignaturas del plan de formaci\u00f3n diferenciado, lo que pretende propiciar la profundizaci\u00f3n de los conceptos y el mejor desarrollo de competencias para vivir, pensar y trabajar, tales como ciudadan\u00eda, responsabilidad, colaboraci\u00f3n, pensamiento cr\u00edtico y comunicaci\u00f3n, entre otras. Los elementos claves para entender este cambio son: \u00a0\u00a0 Formaci\u00f3n de ciudadanos integrales: A trav\u00e9s de su proceso de aprendizaje las y los estudiantes puedan extender y profundizar en su formaci\u00f3n general y as\u00ed\u00a0 desarrollen los conocimientos, habilidades y actitudes que les permitan responder a las necesidades de la sociedad actual. Se busca formar ciudadanos con juicio cr\u00edtico, que se comuniquen de manera efectiva y eficaz, adaptables, participativos en las instituciones democr\u00e1ticas, respetuosos de la diversidad y la multiculturalidad, empoderados de s\u00ed mismos y con un buen nivel de autoestima. Mayor electividad: Se busca propiciar espacios de libertad y participaci\u00f3n activa a los estudiantes que les permita ejercer la toma de decisiones responsable, promoviendo la autonom\u00eda, el juicio cr\u00edtico, el compromiso, flexibilidad, creatividad y participaci\u00f3n. Mejor transici\u00f3n a la Educaci\u00f3n Superior: La actualizaci\u00f3n del curr\u00edculum para enfocarse en los saberes relevantes para desenvolverse en el mundo actual y promover un espacio para la formaci\u00f3n diferenciada, que permita profundizar en aquellas \u00e1reas de inter\u00e9s personal, los capacite para futuros estudios y los oriente su futuro laboral. Mayor equidad: Ofrecer espacios que brinden iguales oportunidades de profundizaci\u00f3n, flexibilidad y electividad a las y los estudiantes de todas las diferenciaciones (Humanista-Cient\u00edfica, T\u00e9cnico profesional, y Art\u00edstica) con el fin de potenciar sus propios intereses. A partir de este principio, se ofrecen un Plan Com\u00fan de Formaci\u00f3n General compartido por las tres diferenciaciones (Human\u00edstico-Cient\u00edfica, T\u00e9cnico-Profesional y Art\u00edstica) y un Plan Com\u00fan de Formaci\u00f3n General Electivo, dentro del cual los estudiantes pueden cursar asignaturas que el establecimiento desee potenciar de acuerdo a sus necesidades y proyecto educativo. Adem\u00e1s, cada diferenciaci\u00f3n cuenta con un plan propio en el cual los estudiantes pueden optar por especializaciones (en el caso de T\u00e9cnico-Profesional y Art\u00edstica) o asignaturas de profundizaci\u00f3n (en el caso de Human\u00edstico-Cient\u00edfica) en funci\u00f3n de sus intereses particulares.<\/p>\n","protected":false},"author":1,"featured_media":143,"comment_status":"closed","ping_status":"closed","sticky":false,"template":"","format":"standard","meta":{"site-sidebar-layout":"default","site-content-layout":"","ast-site-content-layout":"","site-content-style":"default","site-sidebar-style":"default","ast-global-header-display":"","ast-banner-title-visibility":"","ast-main-header-display":"","ast-hfb-above-header-display":"","ast-hfb-below-header-display":"","ast-hfb-mobile-header-display":"","site-post-title":"disabled","ast-breadcrumbs-content":"","ast-featured-img":"disabled","footer-sml-layout":"","theme-transparent-header-meta":"","adv-header-id-meta":"","stick-header-meta":"","header-above-stick-meta":"","header-main-stick-meta":"","header-below-stick-meta":"","astra-migrate-meta-layouts":"default","ast-page-background-enabled":"default","ast-page-background-meta":{"desktop":{"background-color":"var(--ast-global-color-4)","background-image":"","background-repeat":"repeat","background-position":"center center","background-size":"auto","background-attachment":"scroll","background-type":"","background-media":"","overlay-type":"","overlay-color":"","overlay-opacity":"","overlay-gradient":""},"tablet":{"background-color":"","background-image":"","background-repeat":"repeat","background-position":"center center","background-size":"auto","background-attachment":"scroll","background-type":"","background-media":"","overlay-type":"","overlay-color":"","overlay-opacity":"","overlay-gradient":""},"mobile":{"background-color":"","background-image":"","background-repeat":"repeat","background-position":"center center","background-size":"auto","background-attachment":"scroll","background-type":"","background-media":"","overlay-type":"","overlay-color":"","overlay-opacity":"","overlay-gradient":""}},"ast-content-background-meta":{"desktop":{"background-color":"var(--ast-global-color-5)","background-image":"","background-repeat":"repeat","background-position":"center center","background-size":"auto","background-attachment":"scroll","background-type":"","background-media":"","overlay-type":"","overlay-color":"","overlay-opacity":"","overlay-gradient":""},"tablet":{"background-color":"var(--ast-global-color-5)","background-image":"","background-repeat":"repeat","background-position":"center center","background-size":"auto","background-attachment":"scroll","background-type":"","background-media":"","overlay-type":"","overlay-color":"","overlay-opacity":"","overlay-gradient":""},"mobile":{"background-color":"var(--ast-global-color-5)","background-image":"","background-repeat":"repeat","background-position":"center center","background-size":"auto","background-attachment":"scroll","background-type":"","background-media":"","overlay-type":"","overlay-color":"","overlay-opacity":"","overlay-gradient":""}},"footnotes":""},"categories":[1],"tags":[],"class_list":["post-142","post","type-post","status-publish","format-standard","has-post-thumbnail","hentry","category-sin-categoria"],"_links":{"self":[{"href":"https:\/\/coreskills.tech\/index.php\/wp-json\/wp\/v2\/posts\/142","targetHints":{"allow":["GET"]}}],"collection":[{"href":"https:\/\/coreskills.tech\/index.php\/wp-json\/wp\/v2\/posts"}],"about":[{"href":"https:\/\/coreskills.tech\/index.php\/wp-json\/wp\/v2\/types\/post"}],"author":[{"embeddable":true,"href":"https:\/\/coreskills.tech\/index.php\/wp-json\/wp\/v2\/users\/1"}],"replies":[{"embeddable":true,"href":"https:\/\/coreskills.tech\/index.php\/wp-json\/wp\/v2\/comments?post=142"}],"version-history":[{"count":4,"href":"https:\/\/coreskills.tech\/index.php\/wp-json\/wp\/v2\/posts\/142\/revisions"}],"predecessor-version":[{"id":156,"href":"https:\/\/coreskills.tech\/index.php\/wp-json\/wp\/v2\/posts\/142\/revisions\/156"}],"wp:featuredmedia":[{"embeddable":true,"href":"https:\/\/coreskills.tech\/index.php\/wp-json\/wp\/v2\/media\/143"}],"wp:attachment":[{"href":"https:\/\/coreskills.tech\/index.php\/wp-json\/wp\/v2\/media?parent=142"}],"wp:term":[{"taxonomy":"category","embeddable":true,"href":"https:\/\/coreskills.tech\/index.php\/wp-json\/wp\/v2\/categories?post=142"},{"taxonomy":"post_tag","embeddable":true,"href":"https:\/\/coreskills.tech\/index.php\/wp-json\/wp\/v2\/tags?post=142"}],"curies":[{"name":"wp","href":"https:\/\/api.w.org\/{rel}","templated":true}]}}